{"id":294,"date":"2019-07-09T20:58:37","date_gmt":"2019-07-09T20:58:37","guid":{"rendered":"https:\/\/www.swissneutral.net\/?p=294"},"modified":"2019-07-14T20:50:47","modified_gmt":"2019-07-14T20:50:47","slug":"maintenance-samedi-13-juillet","status":"publish","type":"post","link":"https:\/\/www.swissneutral.net\/?p=294","title":{"rendered":"Maintenance samedi 13 juillet"},"content":{"rendered":"\n<p><strong>\u00c9dit 14.07.2019:<\/strong> <a href=\"https:\/\/forum.swissneutral.net\/t\/compte-rendu-maintenance-13-juillet-2019\/405\">Compte-rendu de la maintenance sur notre forum<\/a><\/p>\n\n\n\n<h3 class=\"wp-block-heading\">Services impact\u00e9s<\/h3>\n\n\n\n<ul class=\"wp-block-list\"><li>Tous (VPN, mail, acc\u00e8s membre, forum, site web, etc)<\/li><\/ul>\n\n\n\n<h3 class=\"wp-block-heading\">Informations<\/h3>\n\n\n\n<p>Bonjour,<\/p>\n\n\n\n<p>Une coupure de l&rsquo;infrastructure est pr\u00e9vue ce samedi 13 juillet durant la journ\u00e9e (et peut-\u00eatre en soir\u00e9e), notre serveur actuel rencontrant quelques d\u00e9faillances (erreurs SMART sur un disque dur), nous pr\u00e9voyons d&rsquo;installer un nouveau serveur plus puissant en terme de calcul, de capacit\u00e9 et de m\u00e9moire vive.<\/p>\n\n\n\n<p>Face aux imp\u00e9ratifs priv\u00e9 d&rsquo;agenda des personnes s&rsquo;occupant de l&rsquo;infrastructure, cela va se d\u00e9rouler selon deux possibilit\u00e9s:<\/p>\n\n\n\n<ol class=\"wp-block-list\"><li>Si tout se passe bien avec le nouveau serveur, nous pr\u00e9voyons de migrer toute l&rsquo;infrastructure le jour m\u00eame sur cette nouvelle machine.<\/li><li>Si nous avons des doutes, nous laisserons quelques semaines passer avant de faire la migration, car nos plannings des deux semaines suivantes ne nous permettraient pas de d\u00e9panner l&rsquo;infrastructure ou difficilement.<\/li><\/ol>\n\n\n\n<p>Actuellement notre serveur en fonctionnement a deux disques de 500 Go en RAID1, nous pr\u00e9voyons de passer sur une machine \u00e0 9x2To de stockage, 2 CPU physique et plusieurs dizaines de Go de RAM. Cela nous laissera largement entrevoir l&rsquo;avenir en terme de capacit\u00e9 pour une m\u00eame consommation \u00e9lectrique.<\/p>\n\n\n\n<p>Il nous restera encore trois autres machines du m\u00eame type, nous allons d\u00e9finir le design pr\u00e9cis que nous installerons, avec potentiellement sur place une deuxi\u00e8me machine pour les sauvegardes locales.<\/p>\n\n\n\n<h3 class=\"wp-block-heading\">Dur\u00e9e et informations de suivi<\/h3>\n\n\n\n<p>\u00c9tant donn\u00e9 la lourdeur de l&rsquo;intervention, nous ne pouvons garantir durant la journ\u00e9e la disponibilit\u00e9 des services, mais nous ferons le maximum pour r\u00e9duire la coupure.<\/p>\n\n\n\n<p>Vous pourrez \u00eatre inform\u00e9\u00b7e\u00b7s en temps r\u00e9el de la situation sur notre salon Riot\/Matrix (qui n&rsquo;est pas h\u00e9berg\u00e9 chez nous, pour l&rsquo;instant) o\u00f9 nous annoncerons les coupures et la fin de la maintenance. Rendez-vous sur notre page <a href=\"https:\/\/www.swissneutral.net\/?page_id=17\">Contact<\/a> sous \u00ab Le coin papote \u00bb pour vous y connecter.<\/p>\n\n\n\n<p>Nous vous remercions de votre compr\u00e9hension, nous nous r\u00e9jouissons \u00e9galement, car cette maintenance permettra d&rsquo;h\u00e9berger des nouveaux services innovants prochainement.<\/p>\n\n\n\n<p><em>L&rsquo;\u00e9quipe sysadmin<\/em><\/p>\n","protected":false},"excerpt":{"rendered":"<p>\u00c9dit 14.07.2019: Compte-rendu de la maintenance sur notre forum Services impact\u00e9s Tous (VPN, mail, acc\u00e8s membre, forum, site web, etc) Informations Bonjour, Une coupure de l&rsquo;infrastructure est pr\u00e9vue ce samedi 13 juillet durant la journ\u00e9e (et peut-\u00eatre en soir\u00e9e), notre serveur actuel rencontrant quelques d\u00e9faillances (erreurs SMART sur un disque dur), nous pr\u00e9voyons d&rsquo;installer un&hellip;<\/p>\n","protected":false},"author":2,"featured_media":0,"comment_status":"open","ping_status":"open","sticky":false,"template":"","format":"standard","meta":{"footnotes":""},"categories":[1],"tags":[],"class_list":["post-294","post","type-post","status-publish","format-standard","hentry","category-uncategorized"],"_links":{"self":[{"href":"https:\/\/www.swissneutral.net\/index.php?rest_route=\/wp\/v2\/posts\/294","targetHints":{"allow":["GET"]}}],"collection":[{"href":"https:\/\/www.swissneutral.net\/index.php?rest_route=\/wp\/v2\/posts"}],"about":[{"href":"https:\/\/www.swissneutral.net\/index.php?rest_route=\/wp\/v2\/types\/post"}],"author":[{"embeddable":true,"href":"https:\/\/www.swissneutral.net\/index.php?rest_route=\/wp\/v2\/users\/2"}],"replies":[{"embeddable":true,"href":"https:\/\/www.swissneutral.net\/index.php?rest_route=%2Fwp%2Fv2%2Fcomments&post=294"}],"version-history":[{"count":5,"href":"https:\/\/www.swissneutral.net\/index.php?rest_route=\/wp\/v2\/posts\/294\/revisions"}],"predecessor-version":[{"id":301,"href":"https:\/\/www.swissneutral.net\/index.php?rest_route=\/wp\/v2\/posts\/294\/revisions\/301"}],"wp:attachment":[{"href":"https:\/\/www.swissneutral.net\/index.php?rest_route=%2Fwp%2Fv2%2Fmedia&parent=294"}],"wp:term":[{"taxonomy":"category","embeddable":true,"href":"https:\/\/www.swissneutral.net\/index.php?rest_route=%2Fwp%2Fv2%2Fcategories&post=294"},{"taxonomy":"post_tag","embeddable":true,"href":"https:\/\/www.swissneutral.net\/index.php?rest_route=%2Fwp%2Fv2%2Ftags&post=294"}],"curies":[{"name":"wp","href":"https:\/\/api.w.org\/{rel}","templated":true}]}}