{"id":309,"date":"2019-10-31T02:06:26","date_gmt":"2019-10-31T02:06:26","guid":{"rendered":"https:\/\/www.swissneutral.net\/?p=309"},"modified":"2019-10-31T02:24:40","modified_gmt":"2019-10-31T02:24:40","slug":"prochains-evenements","status":"publish","type":"post","link":"https:\/\/www.swissneutral.net\/?p=309","title":{"rendered":"Prochains \u00e9v\u00e9nements"},"content":{"rendered":"\n<h2 class=\"wp-block-heading\">Les Samedis du Libre &#8211; conf\u00e9rence \u00ab En quoi la neutralit\u00e9 du net est importante pour la d\u00e9mocratie \u00bb<\/h2>\n\n\n\n<h4 class=\"wp-block-heading\">Samedi 2 novembre \u00e0 13h00 &#8211; Les Samedis du Libre<\/h4>\n\n\n\n<p><strong>SwissNeutralNet<\/strong> donnera une conf\u00e9rence <strong>\u00ab En quoi la neutralit\u00e9 du net est importante pour la d\u00e9mocratie ? \u00bb<\/strong> ce samedi \u00e0 <strong>Lausanne<\/strong> \u00e0 <strong>13h30<\/strong> dans les locaux de <strong>P\u00f4le Sud<\/strong>.<\/p>\n\n\n\n<p>L&rsquo;\u00e9v\u00e9nement se d\u00e9roule de 13h \u00e0 17h et sera suivi de conf\u00e9rences \u00e9clairs, puis d&rsquo;un ap\u00e9ritif et discussions.<\/p>\n\n\n\n<p>L&rsquo;\u00e9v\u00e9nement <strong>est ouvert \u00e0 toutes et \u00e0 tous<\/strong>.<\/p>\n\n\n\n<p>Retrouvez toutes les informations sur <a href=\"https:\/\/swisslinux.org\/wiki\/fr\/association\/evenements\/samedis_du_libre\/2nov19\">https:\/\/swisslinux.org\/wiki\/fr\/association\/evenements\/samedis_du_libre\/2nov19<\/a><\/p>\n\n\n\n<p>Venez nombreux\u00b7se !<\/p>\n\n\n\n<h2 class=\"wp-block-heading\">Ateliers d\u2019initiation au num\u00e9rique \u00e9thique pour non-sp\u00e9cialistes!<\/h2>\n\n\n\n<h4 class=\"wp-block-heading\">Jeudi 7 novembre 18h30 (sur inscription) &#8211; La Revue Durable &amp; Les Artisans de la Transition<\/h4>\n\n\n\n<p><strong>SwissNeutralNet<\/strong> sera pr\u00e9sente \u00e0 un des <strong>Ateliers d\u2019initiation au num\u00e9rique \u00e9thique pour non-sp\u00e9cialistes<\/strong> \u00e0 <strong>Lausanne<\/strong> le <strong>7 novembre<\/strong> !<\/p>\n\n\n\n<p>Les soir\u00e9es ont lieu de <strong>18h30 \u00e0 20h30<\/strong>. Prix d\u2019entr\u00e9e : CHF 15.\u2013 (gratuit \u00e0 Gen\u00e8ve), gratuit pour les membres des <a rel=\"noreferrer noopener\" href=\"https:\/\/tooting.ch\/@artisans_de_la_transition\" target=\"_blank\">@artisans_de_la_transition<\/a><\/p>\n\n\n\n<p><strong>Sur inscription \u00e0 : courriel@artisansdelatransition.org<\/strong><\/p>\n\n\n\n<p>Retrouvez toutes les informations sur <a href=\"https:\/\/artisansdelatransition.org\/agenda.html\" rel=\"noreferrer noopener\" target=\"_blank\">https:\/\/artisansdelatransition.org\/agenda.html<\/a><\/p>\n\n\n\n<p>Et le flyer papier ici: <a href=\"https:\/\/artisansdelatransition.org\/assets\/ateliers-numerique-ethique-dates-lieux-artisans-de-la-transition.pdf\">https:\/\/artisansdelatransition.org\/assets\/ateliers-numerique-ethique-dates-lieux-artisans-de-la-transition.pdf<\/a><\/p>\n\n\n\n<p style=\"text-align:center\"><strong>On vous attend nombreuses et nombreux !<\/strong><\/p>\n","protected":false},"excerpt":{"rendered":"<p>Les Samedis du Libre &#8211; conf\u00e9rence \u00ab En quoi la neutralit\u00e9 du net est importante pour la d\u00e9mocratie \u00bb Samedi 2 novembre \u00e0 13h00 &#8211; Les Samedis du Libre SwissNeutralNet donnera une conf\u00e9rence \u00ab En quoi la neutralit\u00e9 du net est importante pour la d\u00e9mocratie ? \u00bb ce samedi \u00e0 Lausanne \u00e0 13h30 dans les&hellip;<\/p>\n","protected":false},"author":2,"featured_media":0,"comment_status":"closed","ping_status":"open","sticky":false,"template":"","format":"standard","meta":{"footnotes":""},"categories":[6,5],"tags":[],"class_list":["post-309","post","type-post","status-publish","format-standard","hentry","category-neutralite-du-net","category-rencontres"],"_links":{"self":[{"href":"https:\/\/www.swissneutral.net\/index.php?rest_route=\/wp\/v2\/posts\/309","targetHints":{"allow":["GET"]}}],"collection":[{"href":"https:\/\/www.swissneutral.net\/index.php?rest_route=\/wp\/v2\/posts"}],"about":[{"href":"https:\/\/www.swissneutral.net\/index.php?rest_route=\/wp\/v2\/types\/post"}],"author":[{"embeddable":true,"href":"https:\/\/www.swissneutral.net\/index.php?rest_route=\/wp\/v2\/users\/2"}],"replies":[{"embeddable":true,"href":"https:\/\/www.swissneutral.net\/index.php?rest_route=%2Fwp%2Fv2%2Fcomments&post=309"}],"version-history":[{"count":3,"href":"https:\/\/www.swissneutral.net\/index.php?rest_route=\/wp\/v2\/posts\/309\/revisions"}],"predecessor-version":[{"id":312,"href":"https:\/\/www.swissneutral.net\/index.php?rest_route=\/wp\/v2\/posts\/309\/revisions\/312"}],"wp:attachment":[{"href":"https:\/\/www.swissneutral.net\/index.php?rest_route=%2Fwp%2Fv2%2Fmedia&parent=309"}],"wp:term":[{"taxonomy":"category","embeddable":true,"href":"https:\/\/www.swissneutral.net\/index.php?rest_route=%2Fwp%2Fv2%2Fcategories&post=309"},{"taxonomy":"post_tag","embeddable":true,"href":"https:\/\/www.swissneutral.net\/index.php?rest_route=%2Fwp%2Fv2%2Ftags&post=309"}],"curies":[{"name":"wp","href":"https:\/\/api.w.org\/{rel}","templated":true}]}}